{"id":38291,"date":"2021-04-27T03:20:00","date_gmt":"2021-04-27T03:20:00","guid":{"rendered":"https:\/\/elpais.com\/ciencia\/2021-04-27\/una-expedicion-internacional-intenta-salvar-el-coral-del-mar-rojo.html"},"modified":"2021-04-27T08:26:45","modified_gmt":"2021-04-27T08:26:45","slug":"una-expedicion-internacional-intenta-salvar-el-coral-del-mar-rojo","status":"publish","type":"post","link":"http:\/\/forocilac.org\/en\/una-expedicion-internacional-intenta-salvar-el-coral-del-mar-rojo\/","title":{"rendered":"Una expedici\u00f3n internacional intenta salvar el coral del mar Rojo"},"content":{"rendered":"<p>He <a href=\"https:\/\/elpais.com\/noticias\/calentamiento-global\/\" >calentamiento global<\/a> se ha convertido en la principal amenaza para los arrecifes de coral en todo el planeta. El incremento de las temperaturas y la acidificaci\u00f3n de los oc\u00e9anos que provoca el <a href=\"https:\/\/elpais.com\/noticias\/cambio-climatico\/\" >climate change<\/a>, unidos a la contaminaci\u00f3n, la sobrepesca y el desarrollo de la actividad humana, han hecho desaparecer en los \u00faltimos 30 a\u00f1os el 50% de estos ecosistemas, de los que dependen el 80% de las especies marinas. El <a href=\"https:\/\/elviajero.elpais.com\/elviajero\/2008\/05\/21\/actualidad\/1211362448_850215.html\" >mar Rojo<\/a>, sin embargo, parece inerme a este paulatino proceso de destrucci\u00f3n. Su barrera de coral ha logrado sobrevivir al estr\u00e9s t\u00e9rmico, mucho m\u00e1s acusado en esa zona de Oriente Pr\u00f3ximo, convirti\u00e9ndose en una esperanza para su supervivencia en un futuro mucho m\u00e1s c\u00e1lido.<\/p>\n<p><a href=\"https:\/\/elpais.com\/ciencia\/2021-04-27\/una-expedicion-internacional-intenta-salvar-el-coral-del-mar-rojo.html\" >Keep reading<\/a><\/p>\n<h3>\u00bfPor qu\u00e9 Sevilla?<\/h3>\n<p>La elecci\u00f3n de Sevilla por parte del Centro Transnacional de Investigaci\u00f3n sobre el Mar Rojo como punto de partida de la expedici\u00f3n que le llevar\u00e1 a examinar el arrecife de coral de esta extensi\u00f3n de agua a lo largo de los pr\u00f3ximos cuatro a\u00f1os puede parecer extra\u00f1o, pero no es casual. Del puerto hispalense zarp\u00f3 en 2015 el velero <i>Fleur de Passion,<\/i> propiedad de la Fundaci\u00f3n Pacifique que colabora con la entidad, y a \u00e9l arrib\u00f3 cuatro a\u00f1os despu\u00e9s tras recrear la circunnavegaci\u00f3n de la Tierra que tambi\u00e9n iniciaron en la capital andaluza Fernando Magallanes y Juan Sebasti\u00e1n El Cano hace 502 a\u00f1os. En ese viaje, el barco suizo cartografi\u00f3 la contaminaci\u00f3n sonora y por micropl\u00e1sticos de los oc\u00e9anos, el efecto de los gases invernadero y la salud de los arrecifes. <\/p>","protected":false},"excerpt":{"rendered":"<p>Un equipo cient\u00edfico suizo impulsa la investigaci\u00f3n conjunta entre los pa\u00edses ribere\u00f1os para conservar un ecosistema resistente al calentamiento global y alcanzar una pol\u00edtica regional para su protecci\u00f3n<\/p>","protected":false},"author":1,"featured_media":0,"comment_status":"closed","ping_status":"closed","sticky":false,"template":"","format":"standard","meta":{"footnotes":""},"categories":[123],"tags":[],"class_list":{"0":"post-38291","1":"post","2":"type-post","3":"status-publish","4":"format-standard","6":"category-portal"},"aioseo_notices":[],"_links":{"self":[{"href":"http:\/\/forocilac.org\/en\/wp-json\/wp\/v2\/posts\/38291","targetHints":{"allow":["GET"]}}],"collection":[{"href":"http:\/\/forocilac.org\/en\/wp-json\/wp\/v2\/posts"}],"about":[{"href":"http:\/\/forocilac.org\/en\/wp-json\/wp\/v2\/types\/post"}],"author":[{"embeddable":true,"href":"http:\/\/forocilac.org\/en\/wp-json\/wp\/v2\/users\/1"}],"replies":[{"embeddable":true,"href":"http:\/\/forocilac.org\/en\/wp-json\/wp\/v2\/comments?post=38291"}],"version-history":[{"count":2,"href":"http:\/\/forocilac.org\/en\/wp-json\/wp\/v2\/posts\/38291\/revisions"}],"predecessor-version":[{"id":38298,"href":"http:\/\/forocilac.org\/en\/wp-json\/wp\/v2\/posts\/38291\/revisions\/38298"}],"wp:attachment":[{"href":"http:\/\/forocilac.org\/en\/wp-json\/wp\/v2\/media?parent=38291"}],"wp:term":[{"taxonomy":"category","embeddable":true,"href":"http:\/\/forocilac.org\/en\/wp-json\/wp\/v2\/categories?post=38291"},{"taxonomy":"post_tag","embeddable":true,"href":"http:\/\/forocilac.org\/en\/wp-json\/wp\/v2\/tags?post=38291"}],"curies":[{"name":"wp","href":"https:\/\/api.w.org\/{rel}","templated":true}]}}