{"id":41848,"date":"2022-03-09T12:28:38","date_gmt":"2022-03-09T12:28:38","guid":{"rendered":"https:\/\/elpais.com\/ciencia\/materia-gris\/2022-03-09\/es-la-mente-humana-un-metaverso.html"},"modified":"2022-03-09T12:28:38","modified_gmt":"2022-03-09T12:28:38","slug":"es-la-mente-humana-un-metaverso","status":"publish","type":"post","link":"http:\/\/forocilac.org\/en\/es-la-mente-humana-un-metaverso\/","title":{"rendered":"\u00bfEs la mente humana un metaverso?"},"content":{"rendered":"<p><a href=\"https:\/\/elpais.com\/tecnologia\/2021-10-30\/metaverso-el-mundo-virtual-donde-zuckerberg-quiere-que-compres-te-diviertas-y-trabajes.html\" ><i>Metaverso<\/i><\/a>: experiencia multisensorial de inmersi\u00f3n en un universo virtual mediante diversos dispositivos y desarrollos tecnol\u00f3gicos.<\/p>\n<p><a href=\"https:\/\/elpais.com\/ciencia\/materia-gris\/2022-03-09\/es-la-mente-humana-un-metaverso.html\" >Keep reading<\/a><\/p>","protected":false},"excerpt":{"rendered":"<p>La sabia naturaleza nos sumerge en un metaverso mental que nos facilita la vida, adem\u00e1s de recrear en ese mismo universo la ilusi\u00f3n de que el mundo en el que vivimos est\u00e1 impregnado de luz, color, sonidos, olores y sabores<\/p>","protected":false},"author":564,"featured_media":0,"comment_status":"closed","ping_status":"closed","sticky":false,"template":"","format":"standard","meta":{"footnotes":""},"categories":[123],"tags":[],"class_list":{"0":"post-41848","1":"post","2":"type-post","3":"status-publish","4":"format-standard","6":"category-portal"},"aioseo_notices":[],"_links":{"self":[{"href":"http:\/\/forocilac.org\/en\/wp-json\/wp\/v2\/posts\/41848","targetHints":{"allow":["GET"]}}],"collection":[{"href":"http:\/\/forocilac.org\/en\/wp-json\/wp\/v2\/posts"}],"about":[{"href":"http:\/\/forocilac.org\/en\/wp-json\/wp\/v2\/types\/post"}],"author":[{"embeddable":true,"href":"http:\/\/forocilac.org\/en\/wp-json\/wp\/v2\/users\/564"}],"replies":[{"embeddable":true,"href":"http:\/\/forocilac.org\/en\/wp-json\/wp\/v2\/comments?post=41848"}],"version-history":[{"count":1,"href":"http:\/\/forocilac.org\/en\/wp-json\/wp\/v2\/posts\/41848\/revisions"}],"predecessor-version":[{"id":41849,"href":"http:\/\/forocilac.org\/en\/wp-json\/wp\/v2\/posts\/41848\/revisions\/41849"}],"wp:attachment":[{"href":"http:\/\/forocilac.org\/en\/wp-json\/wp\/v2\/media?parent=41848"}],"wp:term":[{"taxonomy":"category","embeddable":true,"href":"http:\/\/forocilac.org\/en\/wp-json\/wp\/v2\/categories?post=41848"},{"taxonomy":"post_tag","embeddable":true,"href":"http:\/\/forocilac.org\/en\/wp-json\/wp\/v2\/tags?post=41848"}],"curies":[{"name":"wp","href":"https:\/\/api.w.org\/{rel}","templated":true}]}}