{"id":42205,"date":"2022-03-15T02:09:23","date_gmt":"2022-03-15T02:09:23","guid":{"rendered":"https:\/\/elpais.com\/ciencia\/2022-03-15\/no-creo-que-acabemos-con-el-cancer-pero-si-que-la-mayor-parte-de-los-pacientes-llevaran-una-vida-normal.html"},"modified":"2022-03-15T02:09:23","modified_gmt":"2022-03-15T02:09:23","slug":"no-creo-que-acabemos-con-el-cancer-pero-si-que-la-mayor-parte-de-los-pacientes-llevaran-una-vida-normal","status":"publish","type":"post","link":"http:\/\/forocilac.org\/en\/no-creo-que-acabemos-con-el-cancer-pero-si-que-la-mayor-parte-de-los-pacientes-llevaran-una-vida-normal\/","title":{"rendered":"\u201cNo creo que acabemos con el c\u00e1ncer, pero s\u00ed que la mayor parte de los pacientes llevar\u00e1n una vida normal\u201d"},"content":{"rendered":"<p>El investigador Moshe Oren (Polonia, 73 a\u00f1os) particip\u00f3 en el aislamiento del gen p53 a principios de los ochenta, cuando cient\u00edficos como el espa\u00f1ol Mariano Barbacid comenzaron a identificar los primeros genes mutantes relacionados con el c\u00e1ncer. Desde el principio se supo que ese gen desempe\u00f1aba un papel importante en el desarrollo de muchos tumores, y tras a\u00f1os de trabajo se identific\u00f3 el p53 como \u201c<a href=\"https:\/\/elpais.com\/elpais\/2019\/02\/22\/ciencia\/1550833330_062991.html\" >el guardi\u00e1n del genoma<\/a>\u201d, encargado de evitar el descontrol celular que conduce al c\u00e1ncer.<\/p>\n<p><a href=\"https:\/\/elpais.com\/ciencia\/2022-03-15\/no-creo-que-acabemos-con-el-cancer-pero-si-que-la-mayor-parte-de-los-pacientes-llevaran-una-vida-normal.html\" >Keep reading<\/a><\/p>","protected":false},"excerpt":{"rendered":"<p>Moshe Oren, director del Centro Integrado de C\u00e1ncer Moross del Instituto Weizmann de Israel, es uno de los pioneros del estudio del gen p53, uno de los m\u00e1s importantes en el desarrollo de los tumores<\/p>","protected":false},"author":1,"featured_media":0,"comment_status":"closed","ping_status":"closed","sticky":false,"template":"","format":"standard","meta":{"footnotes":""},"categories":[123],"tags":[],"class_list":{"0":"post-42205","1":"post","2":"type-post","3":"status-publish","4":"format-standard","6":"category-portal"},"aioseo_notices":[],"_links":{"self":[{"href":"http:\/\/forocilac.org\/en\/wp-json\/wp\/v2\/posts\/42205","targetHints":{"allow":["GET"]}}],"collection":[{"href":"http:\/\/forocilac.org\/en\/wp-json\/wp\/v2\/posts"}],"about":[{"href":"http:\/\/forocilac.org\/en\/wp-json\/wp\/v2\/types\/post"}],"author":[{"embeddable":true,"href":"http:\/\/forocilac.org\/en\/wp-json\/wp\/v2\/users\/1"}],"replies":[{"embeddable":true,"href":"http:\/\/forocilac.org\/en\/wp-json\/wp\/v2\/comments?post=42205"}],"version-history":[{"count":1,"href":"http:\/\/forocilac.org\/en\/wp-json\/wp\/v2\/posts\/42205\/revisions"}],"predecessor-version":[{"id":42206,"href":"http:\/\/forocilac.org\/en\/wp-json\/wp\/v2\/posts\/42205\/revisions\/42206"}],"wp:attachment":[{"href":"http:\/\/forocilac.org\/en\/wp-json\/wp\/v2\/media?parent=42205"}],"wp:term":[{"taxonomy":"category","embeddable":true,"href":"http:\/\/forocilac.org\/en\/wp-json\/wp\/v2\/categories?post=42205"},{"taxonomy":"post_tag","embeddable":true,"href":"http:\/\/forocilac.org\/en\/wp-json\/wp\/v2\/tags?post=42205"}],"curies":[{"name":"wp","href":"https:\/\/api.w.org\/{rel}","templated":true}]}}