{"id":63147,"date":"2023-02-13T04:20:00","date_gmt":"2023-02-13T04:20:00","guid":{"rendered":"https:\/\/elpais.com\/salud-y-bienestar\/2023-02-13\/stanislas-dehaene-neurocientifico-las-pantallas-empeoran-la-educacion-de-los-ninos-porque-tienen-atrapados-a-sus-padres.html"},"modified":"2023-02-13T04:20:00","modified_gmt":"2023-02-13T04:20:00","slug":"stanislas-dehaene-neurocientifico-las-pantallas-empeoran-la-educacion-de-los-ninos-porque-tienen-atrapados-a-sus-padres","status":"publish","type":"post","link":"http:\/\/forocilac.org\/en\/stanislas-dehaene-neurocientifico-las-pantallas-empeoran-la-educacion-de-los-ninos-porque-tienen-atrapados-a-sus-padres\/","title":{"rendered":"Stanislas Dehaene, neurocient\u00edfico: \u201cLas pantallas empeoran la educaci\u00f3n de los ni\u00f1os porque tienen atrapados a sus padres\u201d"},"content":{"rendered":"<p><img fetchpriority=\"high\" decoding=\"async\" src=\"https:\/\/cloudfront-eu-central-1.images.arcpublishing.com\/prisa\/QY32O4AMBFANHO6TAGC2MGOCGM.JPG\" width=\"3000\" height=\"2000\" alt=\"El neurocient\u00edfico Stanislas Dehaene, antes de la entrevista, en Madrid.\"><\/img><\/p>\n<p>Stanislas Dehaene (Roubaix, Francia, 57 a\u00f1os) cuenta que en sus 35 a\u00f1os estudiando el cerebro ha visto c\u00f3mo se ha vuelto transparente. Ahora, es posible localizar con mucha precisi\u00f3n memorias concretas y se pueden incluso eliminar, aunque de momento este tipo de experimentos solo se han llevado a cabo en ratones. \u201cEscrib\u00ed este libro [<a href=\"https:\/\/www.marcialpons.es\/libros\/con-ustedes-nuestro-cerebro\/9788412604849\/\" ><i>Con ustesdes&#8230; \u00a1nuestro cerebro!<\/i><\/a>] porque presenta una serie de cuestiones \u00e9ticas interesantes que deber\u00edamos discutir entre todos\u201d, explica Dehaene en una entrevista, en Madrid, para presentar su \u00faltima obra de divulgaci\u00f3n. Profesor en el Coll\u00e8ge de France y director de la Unidad de Neuroimagen Cognitiva en el INSERM de Par\u00eds, el neurocient\u00edfico advierte de que aunque \u201cde momento, estas tecnolog\u00edas se han desarrollado en entornos de investigaci\u00f3n, con la colaboraci\u00f3n de las personas involucradas y para beneficio de la humanidad en su mayor parte, deber\u00edamos tener una discusi\u00f3n, por ejemplo, sobre el acceso del ej\u00e9rcito a esta tecnolog\u00eda\u201d.<\/p>\n<p><a href=\"https:\/\/elpais.com\/salud-y-bienestar\/2023-02-13\/stanislas-dehaene-neurocientifico-las-pantallas-empeoran-la-educacion-de-los-ninos-porque-tienen-atrapados-a-sus-padres.html\" >Keep reading<\/a><\/p>","protected":false},"excerpt":{"rendered":"<p>El investigador habla de las aplicaciones de las \u00faltimas d\u00e9cadas de estudio del cerebro para mejorar el aprendizaje del lenguaje o las matem\u00e1ticas<\/p>","protected":false},"author":1,"featured_media":0,"comment_status":"closed","ping_status":"closed","sticky":false,"template":"","format":"standard","meta":{"footnotes":""},"categories":[123],"tags":[],"class_list":{"0":"post-63147","1":"post","2":"type-post","3":"status-publish","4":"format-standard","6":"category-portal"},"aioseo_notices":[],"_links":{"self":[{"href":"http:\/\/forocilac.org\/en\/wp-json\/wp\/v2\/posts\/63147","targetHints":{"allow":["GET"]}}],"collection":[{"href":"http:\/\/forocilac.org\/en\/wp-json\/wp\/v2\/posts"}],"about":[{"href":"http:\/\/forocilac.org\/en\/wp-json\/wp\/v2\/types\/post"}],"author":[{"embeddable":true,"href":"http:\/\/forocilac.org\/en\/wp-json\/wp\/v2\/users\/1"}],"replies":[{"embeddable":true,"href":"http:\/\/forocilac.org\/en\/wp-json\/wp\/v2\/comments?post=63147"}],"version-history":[{"count":2,"href":"http:\/\/forocilac.org\/en\/wp-json\/wp\/v2\/posts\/63147\/revisions"}],"predecessor-version":[{"id":63184,"href":"http:\/\/forocilac.org\/en\/wp-json\/wp\/v2\/posts\/63147\/revisions\/63184"}],"wp:attachment":[{"href":"http:\/\/forocilac.org\/en\/wp-json\/wp\/v2\/media?parent=63147"}],"wp:term":[{"taxonomy":"category","embeddable":true,"href":"http:\/\/forocilac.org\/en\/wp-json\/wp\/v2\/categories?post=63147"},{"taxonomy":"post_tag","embeddable":true,"href":"http:\/\/forocilac.org\/en\/wp-json\/wp\/v2\/tags?post=63147"}],"curies":[{"name":"wp","href":"https:\/\/api.w.org\/{rel}","templated":true}]}}