{"id":64774,"date":"2023-03-14T10:22:40","date_gmt":"2023-03-14T10:22:40","guid":{"rendered":"https:\/\/elpais.com\/ciencia\/cafe-y-teoremas\/2023-03-14\/caos-orden-y-preguntas-no-resueltas-para-pi-el-numero-mas-importante-de-las-matematicas.html"},"modified":"2023-03-14T10:22:40","modified_gmt":"2023-03-14T10:22:40","slug":"caos-orden-y-preguntas-no-resueltas-para-pi-el-numero-mas-importante-de-las-matematicas","status":"publish","type":"post","link":"http:\/\/forocilac.org\/en\/caos-orden-y-preguntas-no-resueltas-para-pi-el-numero-mas-importante-de-las-matematicas\/","title":{"rendered":"Caos, orden y preguntas no resueltas para Pi, el n\u00famero m\u00e1s importante de las matem\u00e1ticas"},"content":{"rendered":"<p>Hoy es el d\u00eda 14 de marzo, o si lo escribimos en formato num\u00e9rico, el 3\/14. Estas son las tres primeras cifras de uno de los n\u00fameros m\u00e1s c\u00e9lebres, importantes y con m\u00e1s historia de la ciencia. Estamos hablando del <a href=\"https:\/\/elpais.com\/ciencia\/cafe-y-teoremas\/2022-03-14\/el-omnipresente-numero-pi.html\">n\u00famero \u03c0<\/a>. Por este motivo hoy es el D\u00eda Internacional de las Matem\u00e1ticas (con una p\u00e1gina <a href=\"https:\/\/idm314.es\/\">web<\/a> muy recomendable). Este a\u00f1o la conmemoraci\u00f3n tiene como lema \u201cmatem\u00e1ticas para todo el mundo\u201d, porque para entender el mundo actual todos necesitamos hablar en el lenguaje de las matem\u00e1ticas. <a href=\"https:\/\/elpais.com\/elpais\/2019\/10\/17\/ciencia\/1571326461_524939.html#?rel=mas\" >\u03c0 es una de las piezas clave del lenguaje<\/a> de las matem\u00e1ticas y todav\u00eda quedan muchas preguntas abiertas sobre este n\u00famero.<\/p>\n<p><a href=\"https:\/\/elpais.com\/ciencia\/cafe-y-teoremas\/2023-03-14\/caos-orden-y-preguntas-no-resueltas-para-pi-el-numero-mas-importante-de-las-matematicas.html\" >Keep reading<\/a><\/p>\n<p><img fetchpriority=\"high\" decoding=\"async\" src=\"https:\/\/cloudfront-eu-central-1.images.arcpublishing.com\/prisa\/ITBLSZ7C75GPTBOZMUGBFZJDRE.PNG\" width=\"651\" height=\"160\" alt=\".\"><\/img><img decoding=\"async\" src=\"https:\/\/cloudfront-eu-central-1.images.arcpublishing.com\/prisa\/63YDSANRBNECPEF6MNW6NHPIGE.PNG\" width=\"606\" height=\"167\" alt=\".\"><\/img><\/p>","protected":false},"excerpt":{"rendered":"<p>Es una de las piezas clave del lenguaje de las matem\u00e1ticas y todav\u00eda quedan muchas preguntas abiertas sobre su proporci\u00f3n exacta<\/p>","protected":false},"author":1,"featured_media":0,"comment_status":"closed","ping_status":"closed","sticky":false,"template":"","format":"standard","meta":{"footnotes":""},"categories":[123],"tags":[],"class_list":{"0":"post-64774","1":"post","2":"type-post","3":"status-publish","4":"format-standard","6":"category-portal"},"aioseo_notices":[],"_links":{"self":[{"href":"http:\/\/forocilac.org\/en\/wp-json\/wp\/v2\/posts\/64774","targetHints":{"allow":["GET"]}}],"collection":[{"href":"http:\/\/forocilac.org\/en\/wp-json\/wp\/v2\/posts"}],"about":[{"href":"http:\/\/forocilac.org\/en\/wp-json\/wp\/v2\/types\/post"}],"author":[{"embeddable":true,"href":"http:\/\/forocilac.org\/en\/wp-json\/wp\/v2\/users\/1"}],"replies":[{"embeddable":true,"href":"http:\/\/forocilac.org\/en\/wp-json\/wp\/v2\/comments?post=64774"}],"version-history":[{"count":1,"href":"http:\/\/forocilac.org\/en\/wp-json\/wp\/v2\/posts\/64774\/revisions"}],"predecessor-version":[{"id":64775,"href":"http:\/\/forocilac.org\/en\/wp-json\/wp\/v2\/posts\/64774\/revisions\/64775"}],"wp:attachment":[{"href":"http:\/\/forocilac.org\/en\/wp-json\/wp\/v2\/media?parent=64774"}],"wp:term":[{"taxonomy":"category","embeddable":true,"href":"http:\/\/forocilac.org\/en\/wp-json\/wp\/v2\/categories?post=64774"},{"taxonomy":"post_tag","embeddable":true,"href":"http:\/\/forocilac.org\/en\/wp-json\/wp\/v2\/tags?post=64774"}],"curies":[{"name":"wp","href":"https:\/\/api.w.org\/{rel}","templated":true}]}}