{"id":65309,"date":"2023-03-23T11:13:45","date_gmt":"2023-03-23T11:13:45","guid":{"rendered":"https:\/\/www.abc.es\/ciencia\/advierten-corazon-caliente-magma-bajo-volcan-teide-20230323121342-nt.html"},"modified":"2023-03-23T11:13:45","modified_gmt":"2023-03-23T11:13:45","slug":"advierten-de-un-corazon-caliente-de-magma-bajo-el-volcan-del-teide-a-menos-de-10-km-de-profundidad","status":"publish","type":"post","link":"http:\/\/forocilac.org\/en\/advierten-de-un-corazon-caliente-de-magma-bajo-el-volcan-del-teide-a-menos-de-10-km-de-profundidad\/","title":{"rendered":"They warn of a &#039;hot core&#039; of magma beneath the Teide volcano, less than 10 km deep."},"content":{"rendered":"<p>Un equipo internacional de cient\u00edficos, entre ellos del Instituto Volcanol\u00f3gico de Canarias (INVOLCAN) y la Universidad de Granada (UGR), ha descubierto un \u00abcoraz\u00f3n caliente\u00bb de magma a menos de 10 kil\u00f3metros de profundidad de la boca del volc\u00e1n del Teide , en Tenerife. El hallazgo podr\u00eda ser una se\u00f1al precursora de un proceso eruptivo. El trabajo de colaboraci\u00f3n cient\u00edfica ha revelado los secretos del interior de la isla canaria mediante un nuevo estudio de tomograf\u00eda s\u00edsmica, una t\u00e9cnica que permite reconstruir una imagen de la estructura interna de la Tierra a partir de las ondas que se propagan durante peque\u00f1os terremotos y movimientos s\u00edsmicos. La tomograf\u00eda evidencia claramente que, en la corteza por debajo de la caldera de Las Ca\u00f1adas, es posible la presencia de peque\u00f1os reservorios magm\u00e1ticos a profundidades inferiores a los 5 kil\u00f3metros. Estos reservorios permiten que el magma se enfr\u00ede, cambiando su composici\u00f3n qu\u00edmica hacia la fonolita, un tipo de magma potencialmente explosivo. Noticia Relacionada estandar No Hallan pruebas de que al menos un volc\u00e1n de Venus est\u00e1 activo Patricia Biosca Im\u00e1genes tomadas por la misi\u00f3n Magallanes, que mape\u00f3 la superficie de nuestro vecino en los a\u00f1os noventa, han revelado cambios que encajar\u00edan con actividad volc\u00e1nica en curso Estos reservorios magm\u00e1ticos pueden ser la fuente de erupciones muy explosivas como la que ocurri\u00f3 en el volc\u00e1n de Monta\u00f1a Blanca hace alrededor de 2000 a\u00f1os y que fue de tipo sub-Pliniano. En ellas, hay un columna eruptiva que puede alcanzar los 20 km de altura y oleadas pirocl\u00e1sticas. Los resultados de este estudio han sido recientemente publicados en el &#8216;Journal of Geophysical Research&#8217;, una de las revistas cient\u00edficas internacionales m\u00e1s relevantes en el campo de la geof\u00edsica que edita la Sociedad Geof\u00edsica Americana (AGU). Estos resultados constituyen una herramienta importante para interpretar el incremento de la sismicidad en Tenerife y la emisi\u00f3n de di\u00f3xido de carbono por el cr\u00e1ter del Teide, que el INVOLCAN ha detectado desde finales de 2016. Esta actividad podr\u00eda estar relacionada con el lento ascenso de un diapiro, una &#8216;burbuja&#8217; de magma, a profundidades superiores a 10 kil\u00f3metros por debajo del Teide. Por lo tanto, seg\u00fan los autores, estos nuevos conocimientos ser\u00e1n de gran utilizad para una mejor interpretaci\u00f3n de las se\u00f1ales precursores de un posible proceso eruptivo en Tenerife. Imagen de un modelo esquem\u00e1tico del interior de la Isla de Tenerife derivado de este trabajo U.Granada Este estudio de tomograf\u00eda s\u00edsmica ha sido posible a ra\u00edz de la puesta en marcha en el 2016 de la Red S\u00edsmica Canaria que gestiona el Instituto Volcanol\u00f3gico de Canarias (INVOLCAN) y que en la actualidad cuenta con 19 estaciones s\u00edsmicas de banda ancha que han permitido bajar la capacidad de detecci\u00f3n y localizaci\u00f3n de miles de microterremotos en Tenerife. M\u00c1S INFORMACI\u00d3N noticia No Consiguen, por primera vez, capturar en una m\u00e1quina a la &#8216;part\u00edcula fantasma&#8217; noticia No El genoma de Beethoven acaba con el mito sobre su muerte pero no desvela el origen de su sordera Estos datos, conjuntamente con los registrados previamente por el Instituto Geogr\u00e1fico Nacional (IGN), han permitido utilizar la tomograf\u00eda s\u00edsmica para investigar el interior de la isla hasta una profundidad de 20 kil\u00f3metros y, a\u00fan m\u00e1s importante, determinar la velocidad de las ondas s\u00edsmicas S, que son las m\u00e1s sensibles a la presencia de fluidos hidrotermales y magma.<\/p>","protected":false},"excerpt":{"rendered":"<p>An international team of scientists, including those from the Canary Islands Volcanological Institute (INVOLCAN) and the University of Granada (UGR), has discovered a &quot;hot core&quot; of magma less than 10 kilometers deep from the mouth of the Te\u2026<\/p>","protected":false},"author":1,"featured_media":0,"comment_status":"closed","ping_status":"closed","sticky":false,"template":"","format":"standard","meta":{"footnotes":""},"categories":[123],"tags":[],"class_list":{"0":"post-65309","1":"post","2":"type-post","3":"status-publish","4":"format-standard","6":"category-portal"},"aioseo_notices":[],"_links":{"self":[{"href":"http:\/\/forocilac.org\/en\/wp-json\/wp\/v2\/posts\/65309","targetHints":{"allow":["GET"]}}],"collection":[{"href":"http:\/\/forocilac.org\/en\/wp-json\/wp\/v2\/posts"}],"about":[{"href":"http:\/\/forocilac.org\/en\/wp-json\/wp\/v2\/types\/post"}],"author":[{"embeddable":true,"href":"http:\/\/forocilac.org\/en\/wp-json\/wp\/v2\/users\/1"}],"replies":[{"embeddable":true,"href":"http:\/\/forocilac.org\/en\/wp-json\/wp\/v2\/comments?post=65309"}],"version-history":[{"count":4,"href":"http:\/\/forocilac.org\/en\/wp-json\/wp\/v2\/posts\/65309\/revisions"}],"predecessor-version":[{"id":65313,"href":"http:\/\/forocilac.org\/en\/wp-json\/wp\/v2\/posts\/65309\/revisions\/65313"}],"wp:attachment":[{"href":"http:\/\/forocilac.org\/en\/wp-json\/wp\/v2\/media?parent=65309"}],"wp:term":[{"taxonomy":"category","embeddable":true,"href":"http:\/\/forocilac.org\/en\/wp-json\/wp\/v2\/categories?post=65309"},{"taxonomy":"post_tag","embeddable":true,"href":"http:\/\/forocilac.org\/en\/wp-json\/wp\/v2\/tags?post=65309"}],"curies":[{"name":"wp","href":"https:\/\/api.w.org\/{rel}","templated":true}]}}