{"id":66261,"date":"2023-04-11T03:20:00","date_gmt":"2023-04-11T03:20:00","guid":{"rendered":"https:\/\/elpais.com\/ciencia\/2023-04-11\/la-autentica-red-social-una-investigacion-convierte-a-las-mujeres-y-ninas-gitanas-del-barrio-mas-pobre-de-espana-en-activistas.html"},"modified":"2023-04-11T03:20:00","modified_gmt":"2023-04-11T03:20:00","slug":"la-autentica-red-social-una-investigacion-convierte-a-las-mujeres-y-ninas-gitanas-del-barrio-mas-pobre-de-espana-en-activistas","status":"publish","type":"post","link":"http:\/\/forocilac.org\/en\/la-autentica-red-social-una-investigacion-convierte-a-las-mujeres-y-ninas-gitanas-del-barrio-mas-pobre-de-espana-en-activistas\/","title":{"rendered":"The authentic social network: research turns gypsy women and girls from the poorest neighborhood in Spain into activists"},"content":{"rendered":"<p><img fetchpriority=\"high\" decoding=\"async\" src=\"https:\/\/cloudfront-eu-central-1.images.arcpublishing.com\/prisa\/UVW4DRUEKFHVBOBEUHQKKJHCT4.JPG\" width=\"3150\" height=\"2100\" alt=\"Ni\u00f1as gitanas, con su monitora en el centro cultural del Pol\u00edgono Sur, donde han instalado 'La casa de los sue\u00f1os' como parte de la investigaci\u00f3n de la Universidad de Sevilla.\"><\/img><\/p>\n<p>Z\u00edngara (se omite el apellido por ser menor) tiene 14 a\u00f1os, 11 hermanos ya casados y sue\u00f1a con ser maestra, a diferencia de muchas de sus compa\u00f1eras \u201cque, con 15 a\u00f1os, tienen novio, han dejado el instituto y ya est\u00e1n amargadas\u201d, seg\u00fan relata. Naira, de ocho a\u00f1os, quiere ser m\u00e9dica, futbolista y pintora. Alegr\u00eda, de 12 a\u00f1os, tambi\u00e9n aspira a ense\u00f1ar y su compa\u00f1era Carmen, de la misma edad, se ve como peluquera. Todas son de etnia gitana y viven en los barrios m\u00e1s desfavorecidos de Sevilla, Pamplona, C\u00f3rdoba o Alicante. Cada ma\u00f1ana, cuando levantan la persiana y pisan la calle para ir a los centros educativos, solo ven suciedad, cables descubiertos, casas arruinadas, basura, zanjas, insalubridad\u2026 Un proyecto de investigaci\u00f3n de la Universidad de Sevilla y otras cuatro entidades acad\u00e9micas, llamado <a href=\"https:\/\/proyectojitana.es\/\">[J]itana<\/a>, busca una nueva f\u00f3rmula para revertir esa realidad, que la degradaci\u00f3n del entorno no sea una condena permanente, que las ni\u00f1as y sus madres sean due\u00f1as de su futuro, cumplan sus sue\u00f1os, transmitan su aprendizaje y alcen la voz.<\/p>\n<p><a href=\"https:\/\/elpais.com\/ciencia\/2023-04-11\/la-autentica-red-social-una-investigacion-convierte-a-las-mujeres-y-ninas-gitanas-del-barrio-mas-pobre-de-espana-en-activistas.html\" >Keep reading<\/a><\/p>\n<p><img decoding=\"async\" src=\"https:\/\/cloudfront-eu-central-1.images.arcpublishing.com\/prisa\/UY3LOLHFIFD2RHIHMJEV6C6W6U.JPG\" width=\"3150\" height=\"2100\" alt=\"Raquel Gabarre, vecina del Pol\u00edgono Sur e integrante del proyecto [J]itana.\"><\/img><img decoding=\"async\" src=\"https:\/\/cloudfront-eu-central-1.images.arcpublishing.com\/prisa\/2AT5J7QNLZFCVGWMGZDGY2QXEQ.JPG\" width=\"3150\" height=\"2100\" alt=\"Ni\u00f1as gitanas integrantes del proyecto de investigaci\u00f3n coordinado por la Universidad de Sevilla.\"><\/img><img loading=\"lazy\" decoding=\"async\" src=\"https:\/\/cloudfront-eu-central-1.images.arcpublishing.com\/prisa\/FX4PFF3IDZDSTNB6AS3HQ6L3BM.JPG\" width=\"3150\" height=\"2100\" alt=\"Ni\u00f1as gitanas e integrantes del proyecto [J]itana, delante de un cartel de Yil\u00f3.\"><\/img><img loading=\"lazy\" decoding=\"async\" src=\"https:\/\/cloudfront-eu-central-1.images.arcpublishing.com\/prisa\/V2YLPRWEBBBSVOER5V7FURR36U.JPG\" width=\"3150\" height=\"2100\" alt=\"Reuni\u00f3n de investigadores, madres y ni\u00f1as gitanas en 'La casa de los sue\u00f1os'.\"><\/img><\/p>","protected":false},"excerpt":{"rendered":"<p>A work coordinated by the University of Seville manages to create a group to demand improvements and make adolescents pursue alternative outlets<\/p>","protected":false},"author":26,"featured_media":0,"comment_status":"closed","ping_status":"closed","sticky":false,"template":"","format":"standard","meta":{"footnotes":""},"categories":[123],"tags":[],"class_list":{"0":"post-66261","1":"post","2":"type-post","3":"status-publish","4":"format-standard","6":"category-portal"},"aioseo_notices":[],"_links":{"self":[{"href":"http:\/\/forocilac.org\/en\/wp-json\/wp\/v2\/posts\/66261","targetHints":{"allow":["GET"]}}],"collection":[{"href":"http:\/\/forocilac.org\/en\/wp-json\/wp\/v2\/posts"}],"about":[{"href":"http:\/\/forocilac.org\/en\/wp-json\/wp\/v2\/types\/post"}],"author":[{"embeddable":true,"href":"http:\/\/forocilac.org\/en\/wp-json\/wp\/v2\/users\/26"}],"replies":[{"embeddable":true,"href":"http:\/\/forocilac.org\/en\/wp-json\/wp\/v2\/comments?post=66261"}],"version-history":[{"count":1,"href":"http:\/\/forocilac.org\/en\/wp-json\/wp\/v2\/posts\/66261\/revisions"}],"predecessor-version":[{"id":66262,"href":"http:\/\/forocilac.org\/en\/wp-json\/wp\/v2\/posts\/66261\/revisions\/66262"}],"wp:attachment":[{"href":"http:\/\/forocilac.org\/en\/wp-json\/wp\/v2\/media?parent=66261"}],"wp:term":[{"taxonomy":"category","embeddable":true,"href":"http:\/\/forocilac.org\/en\/wp-json\/wp\/v2\/categories?post=66261"},{"taxonomy":"post_tag","embeddable":true,"href":"http:\/\/forocilac.org\/en\/wp-json\/wp\/v2\/tags?post=66261"}],"curies":[{"name":"wp","href":"https:\/\/api.w.org\/{rel}","templated":true}]}}