{"id":70330,"date":"2023-06-25T02:35:58","date_gmt":"2023-06-25T02:35:58","guid":{"rendered":"https:\/\/www.abc.es\/ciencia\/quema-sol-sombra-20230623173226-nt.html"},"modified":"2023-06-25T02:35:58","modified_gmt":"2023-06-25T02:35:58","slug":"por-que-nos-quema-el-sol-a-la-sombra","status":"publish","type":"post","link":"http:\/\/forocilac.org\/en\/por-que-nos-quema-el-sol-a-la-sombra\/","title":{"rendered":"\u00bfPor qu\u00e9 nos quema el sol a la sombra?"},"content":{"rendered":"<p>El Sol emite un gran n\u00famero de radiaciones, muchas de las cuales son imperceptibles a nuestros ojos, ya que solo somos capaces de ver la luz que se encuentra comprendida en un rango de longitud de onda determinada. As\u00ed, por ejemplo, esto sucede con la luz que se emite con una longitud de onda m\u00e1s all\u00e1 del color violeta, lo que conocemos como luz ultravioleta. Un tipo de radiaci\u00f3n que siempre est\u00e1 presente cuando estamos bajo un Sol intenso. Se distinguen tres tipos de radiaci\u00f3n ultravioleta: el tipo A es el que nos afecta de forma superficial y que no produce da\u00f1os en la epidermis ni en la pigmentaci\u00f3n; el tipo B que penetra m\u00e1s profundamente y que es el responsable de las quemaduras solares y del riesgo de aparici\u00f3n de melanoma; por \u00faltimo, el tipo C, relacionado con el agujero de la capa de ozono, la cual impide que estos rayos nos lleguen. La radiaci\u00f3n ultravioleta B es, adem\u00e1s, la encargada de estimular los melanocitos que sintetizan la melanina, el pigmento responsable del bronceado de nuestra piel. La luz ultravioleta da\u00f1a las c\u00e9lulas de la piel, de forma que nuestro sistema inmunitario reacciona aumentando el flujo sangu\u00edneo de las zonas afectadas, lo cual se traduce en una inflamaci\u00f3n de la piel (enrojecimiento), que es la conocida quemadura solar. Medidas encaminadas a protegernos del Sol Desde la Organizaci\u00f3n Mundial de la Salud se nos recomienda evitar la exposici\u00f3n solar entre las 11.00 y las 15.00, as\u00ed como protegernos con cremas, ropas y sombra. Sin embargo, y a pesar de seguir estas recomendaciones el riesgo de quemadura sigue existiendo. Es sobradamente conocido que el Sol puede provocar quemaduras cut\u00e1neas incluso los d\u00edas nublados y que no todos los tejidos nos protegen por igual, en general, aquellas telas que tienen una trama m\u00e1s densa, como puede ser una camisa de lino, protegen nuestra epidermis en menor medida que las prendas confeccionadas con una camiseta gruesa de algod\u00f3n. En t\u00e9rminos generales se estima que una camiseta ofrece un nivel de protecci\u00f3n inferior a un filtro de protecci\u00f3n solar 15. En el polinomio habr\u00eda que a\u00f1adir el color, ya que se ha podido comprobar que los colores claros -como el blanco o el beige- nos protegen menos que los colores m\u00e1s oscuros, como puede ser el negro o el azul marino. En los \u00faltimos a\u00f1os hemos asistido al nacimiento de camisetas o sombrillas con \u00edndice de protecci\u00f3n, prendas que aportan una mayor protecci\u00f3n frente a la radiaci\u00f3n solar. \u00bfLa sombrilla o loci\u00f3n protectora? Por otra parte, la luz ultravioleta puede rebotar en otras superficies, como puede ser el agua o la nieve, lo cual significa que estar debajo de una sombrilla no se traduce en una protecci\u00f3n absoluta. La radiaci\u00f3n que refleja la luz ultravioleta es diferente seg\u00fan el tipo de suelo, por ejemplo, el asfalto solo refleja el 2% mientras que otras superficies como la arena o la nieve esta cifra se eleva hasta el 17% y 85%, respectivamente. En un intento de cuantificar los riesgos solares, hace algunos a\u00f1os un grupo de investigadores del Centro M\u00e9dico de Lagone, en Nueva York, realiz\u00f3 un estudio en el que comparaba el riesgo de quemaduras en personas que se proteg\u00edan bajo una sombrilla de playa frente a aquellas que utilizaban crema solar. M\u00c1S INFORMACI\u00d3N noticia No Hallan el cr\u00e1neo de un joven neandertal con marcas de canibalismo en una cueva de Barcelona noticia No \u00bfQu\u00e9 relaci\u00f3n guardan los murci\u00e9lagos y el mito del vampiro? En esta investigaci\u00f3n se comprob\u00f3 que el 78% de los que se encontraban a la sombra de una sombrilla desarrollaba quemaduras, frente al 25% de los que usaron una loci\u00f3n de alto factor protector. En conclusi\u00f3n, y dicho de otra forma, no es posible evitar completamente el riesgo de quemadura solar, pero s\u00ed reducirlo considerablemente utilizando una combinaci\u00f3n de los diferentes mecanismos protectores.<\/p>","protected":false},"excerpt":{"rendered":"<p>El Sol emite un gran n\u00famero de radiaciones, muchas de las cuales son imperceptibles a nuestros ojos, ya que solo somos capaces de ver la luz que se encuentra comprendida en un rango de longitud de onda determinada. As\u00ed, por ejemplo, esto sucede con la &#8230;<\/p>","protected":false},"author":1,"featured_media":0,"comment_status":"closed","ping_status":"closed","sticky":false,"template":"","format":"standard","meta":{"footnotes":""},"categories":[123],"tags":[],"class_list":{"0":"post-70330","1":"post","2":"type-post","3":"status-publish","4":"format-standard","6":"category-portal"},"aioseo_notices":[],"_links":{"self":[{"href":"http:\/\/forocilac.org\/en\/wp-json\/wp\/v2\/posts\/70330","targetHints":{"allow":["GET"]}}],"collection":[{"href":"http:\/\/forocilac.org\/en\/wp-json\/wp\/v2\/posts"}],"about":[{"href":"http:\/\/forocilac.org\/en\/wp-json\/wp\/v2\/types\/post"}],"author":[{"embeddable":true,"href":"http:\/\/forocilac.org\/en\/wp-json\/wp\/v2\/users\/1"}],"replies":[{"embeddable":true,"href":"http:\/\/forocilac.org\/en\/wp-json\/wp\/v2\/comments?post=70330"}],"version-history":[{"count":1,"href":"http:\/\/forocilac.org\/en\/wp-json\/wp\/v2\/posts\/70330\/revisions"}],"predecessor-version":[{"id":70331,"href":"http:\/\/forocilac.org\/en\/wp-json\/wp\/v2\/posts\/70330\/revisions\/70331"}],"wp:attachment":[{"href":"http:\/\/forocilac.org\/en\/wp-json\/wp\/v2\/media?parent=70330"}],"wp:term":[{"taxonomy":"category","embeddable":true,"href":"http:\/\/forocilac.org\/en\/wp-json\/wp\/v2\/categories?post=70330"},{"taxonomy":"post_tag","embeddable":true,"href":"http:\/\/forocilac.org\/en\/wp-json\/wp\/v2\/tags?post=70330"}],"curies":[{"name":"wp","href":"https:\/\/api.w.org\/{rel}","templated":true}]}}