{"id":77036,"date":"2024-06-28T15:31:27","date_gmt":"2024-06-28T15:31:27","guid":{"rendered":"https:\/\/forocilac.org\/?p=77036"},"modified":"2024-10-19T20:30:41","modified_gmt":"2024-10-19T20:30:41","slug":"nueva-fecha-cilac-2024","status":"publish","type":"post","link":"http:\/\/forocilac.org\/en\/nueva-fecha-cilac-2024\/","title":{"rendered":"New date for the fourth edition of the CILAC Forum: December 2 to 4, 2024"},"content":{"rendered":"<p><em><span style=\"font-weight: 400;\">La IV edici\u00f3n del Foro Abierto de Ciencias de Am\u00e9rica Latina y el Caribe -CILAC- ha <\/span><b>modificado su fecha<\/b><span style=\"font-weight: 400;\"> de realizaci\u00f3n este a\u00f1o, y se llevar\u00e1 adelante del 2 al 4 de diciembre de 2024 en San Andr\u00e9s Isla, Colombia. El Foro es un espacio de di\u00e1logo que invita a todos los actores del ecosistema a avanzar en la construcci\u00f3n de pol\u00edticas p\u00fablicas en materia de ciencia, tecnolog\u00eda e innovaci\u00f3n.<\/span><\/em><\/p>\n<p><span style=\"font-weight: 400;\">Luego de la edici\u00f3n virtual 2021 del Foro CILAC, que atrajo a m\u00e1s de 7 mil participantes, llega a Colombia la <\/span><span style=\"color: #ff6600;\"><a style=\"color: #ff6600;\" href=\"https:\/\/forocilac.org\/en\/cilac2024\/\"><span style=\"font-weight: 400;\">cuarta edici\u00f3n del Foro Abierto de Ciencias de Am\u00e9rica Latina y el Caribe.<\/span><\/a><\/span><span style=\"font-weight: 400;\"> Reconocido como el espacio regional de la ciencia, la tecnolog\u00eda y la innovaci\u00f3n, CILAC se posiciona como una plataforma esencial para debatir, planificar y monitorear pol\u00edticas eficaces con la meta de alcanzar los Objetivos de Desarrollo Sostenible de la Agenda 2030.\u00a0<\/span><\/p>\n<p><span style=\"font-weight: 400;\">Con el lema <\/span><b><i>\u00abCiencia que dialoga\u00bb<\/i><\/b><span style=\"font-weight: 400;\">, esta cuarta edici\u00f3n se consolidar\u00e1 como un espacio crucial donde gobiernos, universidades, empresas, investigadores, sociedad civil y medios podr\u00e1n debatir, planificar y monitorear la integraci\u00f3n de la ciencia, la tecnolog\u00eda y la innovaci\u00f3n para el desarrollo sostenible en Am\u00e9rica Latina y el Caribe.<\/span><\/p>\n<p><b>Para garantizar una mejor organizaci\u00f3n y mayor participaci\u00f3n, el Foro CILAC se llevar\u00e1 a cabo del 2 al 4 de diciembre, en formato h\u00edbrido (de forma presencial en San Andr\u00e9s Isla, y en formato virtual v\u00eda streaming). <\/b><span style=\"color: #ff6600;\"><a style=\"color: #ff6600;\" href=\"https:\/\/forocilac.org\/en\/cilac2024\/\"><b>El registro ya se encuentra abierto en el sitio web de CILAC.<\/b><\/a><\/span><\/p>\n<p><em><span style=\"font-weight: 400;\">\u201cLa nueva edici\u00f3n de CILAC promete ser un encuentro propicio para el di\u00e1logo e intercambio, y la previa demuestra su inter\u00e9s y expectativa: recibimos m\u00e1s de 100 propuestas para integrar el programa -que anunciaremos a mediados de julio-, y en promedio m\u00e1s de 500 personas acompa\u00f1an nuestros coloquios mensuales, que este a\u00f1o abordan diversas aristas de las tem\u00e1ticas del Foro.\u201d<\/span><\/em><span style=\"font-weight: 400;\">\u00a0 &#8211; mencion\u00f3 Guillermo Anll\u00f3, Coordinador del Foro CILAC.<\/span><\/p>\n<p><span style=\"font-weight: 400;\">The new edition of the Forum, <\/span><a href=\"https:\/\/forocilac.org\/en\/cilac2024\/\"><span style=\"font-weight: 400;\"><span style=\"color: #ff6600;\">#CILAC2024<\/span><\/span><\/a><span style=\"font-weight: 400;\">, se enmarcar\u00e1 en 5 tem\u00e1ticas clave, de gran relevancia para Am\u00e9rica Latina y el Caribe: la D\u00e9cada de los Oc\u00e9anos (como salvar y proteger los oc\u00e9anos a trav\u00e9s de la ciencia y la investigaci\u00f3n), el papel de la ciencia abierta para disminuir brechas, el rol de la inteligencia artificial para la sostenibilidad ambiental, as\u00ed como la nueva econom\u00eda del espacio y el rol de la ciencia para la protecci\u00f3n de la vida.<\/span><\/p>\n<p><span style=\"font-weight: 400;\">Este encuentro internacional contar\u00e1 con <\/span><b>sesiones tem\u00e1ticas<\/b><span style=\"font-weight: 400;\"> junto a referentes de la regi\u00f3n y el mundo, as\u00ed como <\/span><b>mesas de alto nivel <\/b><span style=\"font-weight: 400;\">junto a ministros y autoridades de la regi\u00f3n,<\/span><b> parallel events <\/b><span style=\"font-weight: 400;\">como workshops, talleres, lanzamientos, y demostraciones, un <\/span><b>escenario central <\/b><span style=\"font-weight: 400;\">en el que se llevar\u00e1n a cabo las principales sesiones y contenidos de inter\u00e9s, adem\u00e1s de un espacio con <\/span><b>stands de instituciones y empresas<\/b><span style=\"font-weight: 400;\"> que apoyan el desarrollo del Foro.<\/span><\/p>\n<p><span style=\"font-weight: 400;\">Dada su caracter\u00edstica de foro abierto y participativo, CILAC invit\u00f3 a partes interesadas a proponer una sesi\u00f3n tem\u00e1tica o evento paralelo para integrar el programa del Foro. Esta convocatoria finaliz\u00f3 recientemente, con <\/span><b>m\u00e1s de 100 propuestas enviadas por diversas instituciones de todo el mundo<\/b><span style=\"font-weight: 400;\">. En los pr\u00f3ximos d\u00edas, los postulantes recibir\u00e1n informaci\u00f3n sobre la selecci\u00f3n final de las propuestas, y se podr\u00e1 ir conociendo la integraci\u00f3n del programa del Foro y sus panelistas.\u00a0<\/span><\/p>\n<p><b>Para consultas sobre la organizaci\u00f3n del Foro CILAC y la Conferencia Global de Ministros y Altas Autoridades de Ciencia, contactar a forocilac@unesco.org.<\/b><\/p>\n<p><em><span style=\"font-weight: 400;\">CILAC is an initiative supported by UNESCO (which serves as Executive Secretary), the IDB, SEGIB, OEI, RICYT, AUGM, and CUIB as regional partners. For its fourth edition, it has the support of the Government of Colombia.<\/span><\/em><\/p>","protected":false},"excerpt":{"rendered":"<p>The 4th edition of the Latin American and Caribbean Open Science Forum (CILAC) has changed its date this year and will take place from the 2nd to the\u2026<\/p>","protected":false},"author":5,"featured_media":77037,"comment_status":"closed","ping_status":"closed","sticky":false,"template":"","format":"standard","meta":{"footnotes":""},"categories":[144,53,120],"tags":[],"class_list":{"0":"post-77036","1":"post","2":"type-post","3":"status-publish","4":"format-standard","5":"has-post-thumbnail","7":"category-cilac-2024","8":"category-noticias","9":"category-noticias-en"},"aioseo_notices":[],"_links":{"self":[{"href":"http:\/\/forocilac.org\/en\/wp-json\/wp\/v2\/posts\/77036","targetHints":{"allow":["GET"]}}],"collection":[{"href":"http:\/\/forocilac.org\/en\/wp-json\/wp\/v2\/posts"}],"about":[{"href":"http:\/\/forocilac.org\/en\/wp-json\/wp\/v2\/types\/post"}],"author":[{"embeddable":true,"href":"http:\/\/forocilac.org\/en\/wp-json\/wp\/v2\/users\/5"}],"replies":[{"embeddable":true,"href":"http:\/\/forocilac.org\/en\/wp-json\/wp\/v2\/comments?post=77036"}],"version-history":[{"count":2,"href":"http:\/\/forocilac.org\/en\/wp-json\/wp\/v2\/posts\/77036\/revisions"}],"predecessor-version":[{"id":77039,"href":"http:\/\/forocilac.org\/en\/wp-json\/wp\/v2\/posts\/77036\/revisions\/77039"}],"wp:featuredmedia":[{"embeddable":true,"href":"http:\/\/forocilac.org\/en\/wp-json\/wp\/v2\/media\/77037"}],"wp:attachment":[{"href":"http:\/\/forocilac.org\/en\/wp-json\/wp\/v2\/media?parent=77036"}],"wp:term":[{"taxonomy":"category","embeddable":true,"href":"http:\/\/forocilac.org\/en\/wp-json\/wp\/v2\/categories?post=77036"},{"taxonomy":"post_tag","embeddable":true,"href":"http:\/\/forocilac.org\/en\/wp-json\/wp\/v2\/tags?post=77036"}],"curies":[{"name":"wp","href":"https:\/\/api.w.org\/{rel}","templated":true}]}}