{"id":77592,"date":"2024-10-14T15:00:31","date_gmt":"2024-10-14T15:00:31","guid":{"rendered":"https:\/\/forocilac.org\/?p=77592"},"modified":"2024-10-16T19:22:53","modified_gmt":"2024-10-16T19:22:53","slug":"30-oct-ciencia-tecnologia-e-innovacion-agendas-regionales-en-america-latina-y-caribe","status":"publish","type":"post","link":"http:\/\/forocilac.org\/en\/30-oct-ciencia-tecnologia-e-innovacion-agendas-regionales-en-america-latina-y-caribe\/","title":{"rendered":"October 30 | Science, technology, and innovation: regional agendas in Latin America and the Caribbean"},"content":{"rendered":"<p><em><strong>El Foro CILAC celebra un nuevo coloquio junto a referentes de la regi\u00f3n, enfocado en las agendas regionales de ciencia, tecnolog\u00eda e innovaci\u00f3n. Desde su lanzamiento, m\u00e1s de 33 mil personas han sido parte de los coloquios del ciclo #CienciaEnMovimiento de CILAC.<\/strong><\/em><\/p>\n<p>El Foro CILAC fue creado en 2016 como una plataforma regional din\u00e1mica e inclusiva para el intercambio entre actores clave como gobiernos, universidades, empresas y organizaciones sociales, con el objetivo de impulsar la integraci\u00f3n cient\u00edfico-tecnol\u00f3gica y promover el papel de la Ciencia, Tecnolog\u00eda e Innovaci\u00f3n (CTI) en el desarrollo sostenible de la regi\u00f3n. CILAC tambi\u00e9n busca alinear prioridades y pol\u00edticas entre organizaciones internacionales y sistemas nacionales de ciencia y tecnolog\u00eda.<\/p>\n<p>Adem\u00e1s de sus encuentros bianuales, CILAC organiza desde 2020 los ciclos de coloquios <strong><span style=\"color: #ff6600;\"><a style=\"color: #ff6600;\" href=\"https:\/\/forocilac.org\/en\/ciencia-en-movimiento\/\">\u00abCiencia en movimiento\u00bb<\/a><\/span><\/strong>, que re\u00fanen a expertos regionales e internacionales para debatir temas cient\u00edficos y sociales clave. El pr\u00f3ximo coloquio, programado para el 30 de octubre, integrar\u00e1 ambas modalidades de CILAC, con las organizaciones responsables del foro como protagonistas del di\u00e1logo sobre Ciencia, Tecnolog\u00eda e Innovaci\u00f3n en Am\u00e9rica Latina y el Caribe.<\/p>\n<p><strong>What are the regional agendas of the organizations that organize CILAC? What priorities does each one have and why? What challenges do they identify for strengthening the role of the STI system in sustainable development? What is the role of cooperation in regional integration toward a benchmark STI agenda? What actions can be implemented to achieve this, and what has been done so far? How can we prevent the duplication of resources or the exclusion of critical issues, and promote the efficiency of agendas and projects for the common good?<\/strong><\/p>\n<p>During a new virtual meeting of #CienciaEnMovimiento of CILAC, these questions will be addressed, led by <strong>Guillermo Anllo<\/strong> (UNESCO, Coordinator of the CILAC Forum), <strong>Rodolfo Barrere <\/strong>(OEI, Coordinator of RiCYT),\u00a0<strong>\u00c1lvaro Rico <\/strong>(AUGM, Secretario Ejecutivo), <strong>Marco Llinas <\/strong>(CEPAL, Director, Divisi\u00f3n de Desarrollo productivo y empresarial), <strong>Gonzalo Rivas <\/strong>(BID, Jefe de la Divisi\u00f3n de Competitividad, Tecnolog\u00eda e Innovaci\u00f3n) -tbc-, y\u00a0<strong>Felix Garc\u00eda Lausin<\/strong> (SEGIB, Director Coordinador del Espacio Iberoamericano del Conocimiento) -tbc-.<\/p>\n<p><strong>El encuentro se llevar\u00e1 a cabo el 30 de octubre a las 17 h URU\/ARG\/BRA \u2013 15 h COL\/PER.<br \/>\n<\/strong><strong>It will be broadcast live on YouTube, and also on Zoom. <span style=\"color: #ff6600;\"><a style=\"color: #ff6600;\" href=\"https:\/\/unesco-org.zoom.us\/webinar\/register\/WN_agmxND2JRPuish19yoySlA#\/registration\">[REGISTRO AQU\u00cd]<\/a><\/span><\/strong><\/p>\n<p><iframe title=\"30 OCT | Ciencia, Tecnolog\u00eda e Innovaci\u00f3n: agendas regionales en Am\u00e9rica Latina y Caribe\" width=\"1080\" height=\"608\" src=\"https:\/\/www.youtube.com\/embed\/Vk-D-Kp8YME?feature=oembed\" frameborder=\"0\" allow=\"accelerometer; autoplay; clipboard-write; encrypted-media; gyroscope; picture-in-picture; web-share\" referrerpolicy=\"strict-origin-when-cross-origin\" allowfullscreen><\/iframe><\/p>","protected":false},"excerpt":{"rendered":"<p>The CILAC Forum is holding a new colloquium with regional leaders, focusing on regional science, technology, and innovation agendas. Since its launch, more than 33,000\u2026<\/p>","protected":false},"author":5,"featured_media":77593,"comment_status":"closed","ping_status":"closed","sticky":false,"template":"","format":"standard","meta":{"footnotes":""},"categories":[53,120],"tags":[],"class_list":{"0":"post-77592","1":"post","2":"type-post","3":"status-publish","4":"format-standard","5":"has-post-thumbnail","7":"category-noticias","8":"category-noticias-en"},"aioseo_notices":[],"_links":{"self":[{"href":"http:\/\/forocilac.org\/en\/wp-json\/wp\/v2\/posts\/77592","targetHints":{"allow":["GET"]}}],"collection":[{"href":"http:\/\/forocilac.org\/en\/wp-json\/wp\/v2\/posts"}],"about":[{"href":"http:\/\/forocilac.org\/en\/wp-json\/wp\/v2\/types\/post"}],"author":[{"embeddable":true,"href":"http:\/\/forocilac.org\/en\/wp-json\/wp\/v2\/users\/5"}],"replies":[{"embeddable":true,"href":"http:\/\/forocilac.org\/en\/wp-json\/wp\/v2\/comments?post=77592"}],"version-history":[{"count":3,"href":"http:\/\/forocilac.org\/en\/wp-json\/wp\/v2\/posts\/77592\/revisions"}],"predecessor-version":[{"id":77635,"href":"http:\/\/forocilac.org\/en\/wp-json\/wp\/v2\/posts\/77592\/revisions\/77635"}],"wp:featuredmedia":[{"embeddable":true,"href":"http:\/\/forocilac.org\/en\/wp-json\/wp\/v2\/media\/77593"}],"wp:attachment":[{"href":"http:\/\/forocilac.org\/en\/wp-json\/wp\/v2\/media?parent=77592"}],"wp:term":[{"taxonomy":"category","embeddable":true,"href":"http:\/\/forocilac.org\/en\/wp-json\/wp\/v2\/categories?post=77592"},{"taxonomy":"post_tag","embeddable":true,"href":"http:\/\/forocilac.org\/en\/wp-json\/wp\/v2\/tags?post=77592"}],"curies":[{"name":"wp","href":"https:\/\/api.w.org\/{rel}","templated":true}]}}