{"id":345,"date":"2016-03-01T00:28:55","date_gmt":"2016-03-01T00:28:55","guid":{"rendered":"http:\/\/forocilac.org\/?p=345"},"modified":"2016-03-13T20:23:58","modified_gmt":"2016-03-13T20:23:58","slug":"se-realizara-en-montevideo-el-primer-foro-abierto-de-ciencias-de-america-latina-y-el-caribe","status":"publish","type":"post","link":"https:\/\/forocilac.org\/en\/se-realizara-en-montevideo-el-primer-foro-abierto-de-ciencias-de-america-latina-y-el-caribe\/","title":{"rendered":"Se realizar\u00e1 en Montevideo el Primer Foro Abierto de Ciencias de Am\u00e9rica Latina y el Caribe"},"content":{"rendered":"<h6>Portal Tiempo Agrario (Uruguay)<\/h6>\n<p>Fue lanzado este lunes en el Sal\u00f3n Rojo de la Intendencia de Montevideo el I Foro Abierto de Ciencias de Am\u00e9rica Latina y el Caribe (CILAC 2016) que se desarrollar\u00e1 del 6 al 9 de setiembre en Uruguay, en el Parque Tecnol\u00f3gico del LATU, Av. Italia 6201, Montevideo.<\/p>\n<p><a href=\"http:\/\/www.tiempoagrario.com\/se-realizara-en-montevideo-el-primer-foro-abierto-de-ciencias-de-america-latina-y-el-caribe\/\" target=\"_blank\">See article<\/a><\/p>","protected":false},"excerpt":{"rendered":"<p>Portal Tiempo Agrario (Uruguay) Fue lanzado este lunes en el Sal\u00f3n Rojo de la Intendencia de Montevideo el I Foro Abierto de Ciencias de Am\u00e9rica Latina y el Caribe (CILAC&#8230;<\/p>","protected":false},"author":1,"featured_media":439,"comment_status":"closed","ping_status":"closed","sticky":false,"template":"","format":"standard","meta":{"footnotes":""},"categories":[1],"tags":[],"class_list":{"0":"post-345","1":"post","2":"type-post","3":"status-publish","4":"format-standard","5":"has-post-thumbnail","7":"category-presencia-en-medios"},"aioseo_notices":[],"_links":{"self":[{"href":"https:\/\/forocilac.org\/en\/wp-json\/wp\/v2\/posts\/345","targetHints":{"allow":["GET"]}}],"collection":[{"href":"https:\/\/forocilac.org\/en\/wp-json\/wp\/v2\/posts"}],"about":[{"href":"https:\/\/forocilac.org\/en\/wp-json\/wp\/v2\/types\/post"}],"author":[{"embeddable":true,"href":"https:\/\/forocilac.org\/en\/wp-json\/wp\/v2\/users\/1"}],"replies":[{"embeddable":true,"href":"https:\/\/forocilac.org\/en\/wp-json\/wp\/v2\/comments?post=345"}],"version-history":[{"count":8,"href":"https:\/\/forocilac.org\/en\/wp-json\/wp\/v2\/posts\/345\/revisions"}],"predecessor-version":[{"id":427,"href":"https:\/\/forocilac.org\/en\/wp-json\/wp\/v2\/posts\/345\/revisions\/427"}],"wp:featuredmedia":[{"embeddable":true,"href":"https:\/\/forocilac.org\/en\/wp-json\/wp\/v2\/media\/439"}],"wp:attachment":[{"href":"https:\/\/forocilac.org\/en\/wp-json\/wp\/v2\/media?parent=345"}],"wp:term":[{"taxonomy":"category","embeddable":true,"href":"https:\/\/forocilac.org\/en\/wp-json\/wp\/v2\/categories?post=345"},{"taxonomy":"post_tag","embeddable":true,"href":"https:\/\/forocilac.org\/en\/wp-json\/wp\/v2\/tags?post=345"}],"curies":[{"name":"wp","href":"https:\/\/api.w.org\/{rel}","templated":true}]}}