{"id":38707,"date":"2021-05-01T10:01:49","date_gmt":"2021-05-01T10:01:49","guid":{"rendered":"https:\/\/www.xatakaciencia.com\/medio-ambiente\/300-anos-llegada-europeos-al-nuevo-mundo-amazonia-habia-sido-despoblada-reforestada"},"modified":"2021-05-01T10:01:49","modified_gmt":"2021-05-01T10:01:49","slug":"mas-de-300-anos-de-la-llegada-de-los-europeos-al-nuevo-mundo-la-amazonia-ya-habia-sido-despoblada-y-reforestada","status":"publish","type":"post","link":"https:\/\/forocilac.org\/en\/mas-de-300-anos-de-la-llegada-de-los-europeos-al-nuevo-mundo-la-amazonia-ya-habia-sido-despoblada-y-reforestada\/","title":{"rendered":"More than 300 years after the arrival of Europeans to the New World, the Amazon had already been depopulated and reforested"},"content":{"rendered":"<p>\n      <img decoding=\"async\" src=\"https:\/\/i.blogs.es\/5f5dd9\/indio_wahari_-_autana\/1024_2000.jpg\" alt=\"M\u00e1s de 300 a\u00f1os de la llegada de los europeos al Nuevo Mundo, la Amazonia ya hab\u00eda sido despoblada y reforestada\">\n    <\/p>\n<p>It is estimated that <strong>between 90 and 95% of the indigenous population of the Amazon died after 1492<\/strong>, because, when Europeans first arrived on the coasts of South America, brutal waves of disease, war, slavery and genocide followed.<\/p>\n<p><!-- BREAK 1 --><\/p>\n<p>However, new measurements suggest that, in many places, land abandonment and reforestation began between 300 and 600 years before the arrival of Europeans.<\/p>\n<p><!-- BREAK 2 --><!--more--><\/p>\n<h2>Fossil pollen records<\/h2>\n<p>The Amazon is a vast region in the horizontal and northern part of South America that includes the rainforest of the Amazon River basin.<\/p>\n<p><!-- BREAK 3 --><\/p>\n<p>According to <a href=\"https:\/\/science.sciencemag.org\/content\/372\/6541\/484\">this new study<\/a> published in <em>Science<\/em>Therefore, depopulation and subsequent reforestation in the Amazon began centuries before the arrival of Europeans and did not contribute to the decline <strong>observed atmospheric CO2 during the 17th century<\/strong>.<\/p>\n<p><!-- BREAK 4 --><\/p>\n<div class=\"article-asset-image article-asset-normal\">\n<div class=\"asset-content\">\n<p>  <img decoding=\"async\" alt=\"Deforestationinbrazil2\" class=\"centro_sinmarco\" src=\"https:\/\/i.blogs.es\/53d24c\/deforestationinbrazil2\/450_1000.jpg\"><\/p><\/div>\n<\/div>\n<p>The data suggest that, in many places, land abandonment and reforestation began between 300 and 600 years before the arrival of Europeans.<\/p>\n<p><!-- BREAK 5 --><\/p>\n<p>To reach these conclusions, researcher Mark Bush and his colleagues at the Florida Institute of Technology, in Melbourne (Australia), <strong>evaluated fossil pollen records from 39 places in the Amazon<\/strong> that record changes in forest cover over the last 2,000 years.<\/p>\n<p><!-- BREAK 6 --><\/p>\n<div class=\"article-asset article-asset-normal article-asset-center\">\n<div class=\"desvio-container\">\n<div class=\"desvio\">\n<div class=\"desvio-figure js-desvio-figure\">\n    <a href=\"https:\/\/www.xatakaciencia.com\/medio-ambiente\/deberiamos-talar-arboles-queremos-reducir-probabilidad-proxima-pandemia\" ><br \/>\n     <img decoding=\"async\" alt=\"Deber&#x00ED;amos&#x20;talar&#x20;menos&#x20;&#x00E1;rboles&#x20;si&#x20;queremos&#x20;reducir&#x20;la&#x20;probabilidad&#x20;de&#x20;la&#x20;pr&#x00F3;xima&#x20;pandemia\" src=\"https:\/\/i.blogs.es\/f27172\/072320_jl_pandemic-prep_feat-1028x579\/375_142.jpg\"><br \/>\n    <\/a>\n   <\/div>\n<div class=\"desvio-summary\">\n<div class=\"desvio-taxonomy js-desvio-taxonomy\">\n     <a href=\"https:\/\/www.xatakaciencia.com\/medio-ambiente\/deberiamos-talar-arboles-queremos-reducir-probabilidad-proxima-pandemia\" class=\"desvio-taxonomy-anchor\">In Xataka Science<\/a>\n    <\/div>\n<p>    <a href=\"https:\/\/www.xatakaciencia.com\/medio-ambiente\/deberiamos-talar-arboles-queremos-reducir-probabilidad-proxima-pandemia\" class=\"desvio-title js-desvio-title\">We should cut down fewer trees if we want to reduce the probability of the next pandemic<\/a>\n   <\/div><\/div><\/div>\n<\/div>\n<p>That does not mean, of course, that the cascading effects of environmental change, pre-European pandemics and\/or social strife may have contributed as well. Nevertheless, <strong>It is possible that indigenous populations in some areas of the Amazon were already declining when Europeans arrived.<\/strong>.<\/p>\n<p><!-- BREAK 7 --><\/p>\n<div class=\"article-asset-video\">\n<div class=\"asset-content\">\n<div class=\"base-asset-video\">\n   <iframe width=\"560\" height=\"315\" src=\"https:\/\/www.youtube.com\/embed\/fDW9zOjOt_U\" allowfullscreen><\/iframe>\n  <\/div><\/div>\n<\/div>\n<p><script>\n (function() {\n  window._JS_MODULES = window._JS_MODULES || {};\n  var headElement = document.getElementsByTagName('head')[0];\n  if (_JS_MODULES.instagram) {\n   var instagramScript = document.createElement('script');\n   instagramScript.src = 'https:\/\/platform.instagram.com\/en_US\/embeds.js';\n   instagramScript.async = true;\n   instagramScript.defer = true;\n   headElement.appendChild(instagramScript);\n  }\n })();\n<\/script><\/p>\n<p> &#8211; <br \/> The news<br \/>\n      <a href=\"https:\/\/www.xatakaciencia.com\/medio-ambiente\/300-anos-llegada-europeos-al-nuevo-mundo-amazonia-habia-sido-despoblada-reforestada?utm_source=feedburner&#038;utm_medium=feed&#038;utm_campaign=01_May_2021\"><br \/>\n       <em> More than 300 years after the arrival of Europeans to the New World, the Amazon had already been depopulated and reforested <\/em><br \/>\n      <\/a><br \/>\n      was originally published in<br \/>\n      <a href=\"https:\/\/www.xatakaciencia.com\/?utm_source=feedburner&#038;utm_medium=feed&#038;utm_campaign=01_May_2021\"><br \/>\n       <strong> Xataka Science <\/strong><br \/>\n      <\/a><br \/>\n            by <a\n       href=\"https:\/\/www.xatakaciencia.com\/autor\/sergio-parra?utm_source=feedburner&#038;utm_medium=feed&#038;utm_campaign=01_May_2021\"><br \/>\n       Sergio Parra<br \/>\n      <\/a><br \/>\n      . <\/p>\n<p><img decoding=\"async\" src=\"http:\/\/feeds.feedburner.com\/~r\/xatakaciencia\/~4\/0ApX5TBLNEQ\" height=\"1\" width=\"1\" alt=\"\"\/><\/p>","protected":false},"excerpt":{"rendered":"<p>\n      <img decoding=\"async\" src=\"https:\/\/i.blogs.es\/5f5dd9\/indio_wahari_-_autana\/1024_2000.jpg\" alt=\"M\u00e1s de 300 a\u00f1os de la llegada de los europeos al Nuevo Mundo, la Amazonia ya hab\u00eda sido despoblada y reforestada\"><\/p>\n<p>It is estimated that <strong>between 90 and 95% of the indigenous population of the Amazon died after 1492<\/strong>, because, when Europeans first arrived on the coasts of South America, brutal waves of disease, war, slavery and genocide followed.<\/p>\n<p><!-- BREAK 1 --><\/p>\n<p>However, new measurements suggest that, in many places, land abandonment and reforestation began between 300 and 600 years before the arrival of Europeans.<\/p>\n<p><!-- BREAK 2 --><!--more--><\/p>\n<h2>Fossil pollen records<\/h2>\n<p>The Amazon is a vast region in the horizontal and northern part of South America that includes the rainforest of the Amazon River basin.<\/p>\n<p><!-- BREAK 3 --><\/p>\n<p>According to <a href=\"https:\/\/science.sciencemag.org\/content\/372\/6541\/484\">this new study<\/a> published in <em>Science<\/em>Therefore, depopulation and subsequent reforestation in the Amazon began centuries before the arrival of Europeans and did not contribute to the decline <strong>observed atmospheric CO2 during the 17th century<\/strong>.<\/p>\n<p><!-- BREAK 4 --><\/p>\n<div class=\"article-asset-image article-asset-normal\">\n<div class=\"asset-content\">\n<p>  <img decoding=\"async\" alt=\"Deforestationinbrazil2\" class=\"centro_sinmarco\" src=\"https:\/\/i.blogs.es\/53d24c\/deforestationinbrazil2\/450_1000.jpg\">\n<\/div>\n<\/div>\n<p>The data suggest that, in many places, land abandonment and reforestation began between 300 and 600 years before the arrival of Europeans.<\/p>\n<p><!-- BREAK 5 --><\/p>\n<p>To reach these conclusions, researcher Mark Bush and his colleagues at the Florida Institute of Technology, in Melbourne (Australia), <strong>evaluated fossil pollen records from 39 places in the Amazon<\/strong> that record changes in forest cover over the last 2,000 years.<\/p>\n<p><!-- BREAK 6 --><\/p>\n<div class=\"article-asset article-asset-normal article-asset-center\">\n<div class=\"desvio-container\">\n<div class=\"desvio\">\n<div class=\"desvio-figure js-desvio-figure\">\n    <a href=\"https:\/\/www.xatakaciencia.com\/medio-ambiente\/deberiamos-talar-arboles-queremos-reducir-probabilidad-proxima-pandemia\"><br \/>\n     <img decoding=\"async\" alt=\"Deber\u00edamos talar menos \u00e1rboles si queremos reducir la probabilidad de la pr\u00f3xima pandemia\" src=\"https:\/\/i.blogs.es\/f27172\/072320_jl_pandemic-prep_feat-1028x579\/375_142.jpg\"><\/a>\n   <\/div>\n<div class=\"desvio-summary\">\n<div class=\"desvio-taxonomy js-desvio-taxonomy\">\n     <a href=\"https:\/\/www.xatakaciencia.com\/medio-ambiente\/deberiamos-talar-arboles-queremos-reducir-probabilidad-proxima-pandemia\" class=\"desvio-taxonomy-anchor\">In Xataka Science<\/a>\n    <\/div>\n<p>    <a href=\"https:\/\/www.xatakaciencia.com\/medio-ambiente\/deberiamos-talar-arboles-queremos-reducir-probabilidad-proxima-pandemia\" class=\"desvio-title js-desvio-title\">We should cut down fewer trees if we want to reduce the probability of the next pandemic<\/a>\n   <\/div>\n<\/p><\/div>\n<\/p><\/div>\n<\/div>\n<p>That does not mean, of course, that the cascading effects of environmental change, pre-European pandemics and\/or social strife may have contributed as well. Nevertheless, <strong>It is possible that indigenous populations in some areas of the Amazon were already declining when Europeans arrived.<\/strong>.<\/p>\n<p><!-- BREAK 7 --><\/p>\n<div class=\"article-asset-video\">\n<div class=\"asset-content\">\n<div class=\"base-asset-video\"><\/div>\n<\/p><\/div>\n<\/div>\n<p> &#8211; <br \/> The news<br \/>\n      <a href=\"https:\/\/www.xatakaciencia.com\/medio-ambiente\/300-anos-llegada-europeos-al-nuevo-mundo-amazonia-habia-sido-despoblada-reforestada?utm_source=feedburner&amp;utm_medium=feed&amp;utm_campaign=01_May_2021\"><br \/>\n       <em> More than 300 years after the arrival of Europeans to the New World, the Amazon had already been depopulated and reforested <\/em><br \/>\n      <\/a><br \/>\n      was originally published in<br \/>\n      <a href=\"https:\/\/www.xatakaciencia.com\/?utm_source=feedburner&amp;utm_medium=feed&amp;utm_campaign=01_May_2021\"><br \/>\n       <strong> Xataka Science <\/strong><br \/>\n      <\/a><br \/>\n            by <a href=\"https:\/\/www.xatakaciencia.com\/autor\/sergio-parra?utm_source=feedburner&amp;utm_medium=feed&amp;utm_campaign=01_May_2021\"><br \/>\n       Sergio Parra<br \/>\n      <\/a><br \/>\n      . <\/p>\n<p><img decoding=\"async\" src=\"http:\/\/feeds.feedburner.com\/~r\/xatakaciencia\/~4\/0ApX5TBLNEQ\" height=\"1\" width=\"1\" alt=\"\"><\/p>","protected":false},"author":19,"featured_media":0,"comment_status":"closed","ping_status":"closed","sticky":false,"template":"","format":"standard","meta":{"footnotes":""},"categories":[125],"tags":[],"class_list":{"0":"post-38707","1":"post","2":"type-post","3":"status-publish","4":"format-standard","6":"category-portal-3"},"aioseo_notices":[],"_links":{"self":[{"href":"https:\/\/forocilac.org\/en\/wp-json\/wp\/v2\/posts\/38707","targetHints":{"allow":["GET"]}}],"collection":[{"href":"https:\/\/forocilac.org\/en\/wp-json\/wp\/v2\/posts"}],"about":[{"href":"https:\/\/forocilac.org\/en\/wp-json\/wp\/v2\/types\/post"}],"author":[{"embeddable":true,"href":"https:\/\/forocilac.org\/en\/wp-json\/wp\/v2\/users\/19"}],"replies":[{"embeddable":true,"href":"https:\/\/forocilac.org\/en\/wp-json\/wp\/v2\/comments?post=38707"}],"version-history":[{"count":6,"href":"https:\/\/forocilac.org\/en\/wp-json\/wp\/v2\/posts\/38707\/revisions"}],"predecessor-version":[{"id":39074,"href":"https:\/\/forocilac.org\/en\/wp-json\/wp\/v2\/posts\/38707\/revisions\/39074"}],"wp:attachment":[{"href":"https:\/\/forocilac.org\/en\/wp-json\/wp\/v2\/media?parent=38707"}],"wp:term":[{"taxonomy":"category","embeddable":true,"href":"https:\/\/forocilac.org\/en\/wp-json\/wp\/v2\/categories?post=38707"},{"taxonomy":"post_tag","embeddable":true,"href":"https:\/\/forocilac.org\/en\/wp-json\/wp\/v2\/tags?post=38707"}],"curies":[{"name":"wp","href":"https:\/\/api.w.org\/{rel}","templated":true}]}}