{"id":54375,"date":"2022-09-15T16:50:01","date_gmt":"2022-09-15T16:50:01","guid":{"rendered":"https:\/\/elpais.com\/ciencia\/2022-09-15\/el-cohete-espanol-miura-1-esta-listo-para-volar.html"},"modified":"2022-09-15T16:50:01","modified_gmt":"2022-09-15T16:50:01","slug":"el-cohete-espanol-miura-1%e2%80%b2-esta-listo-para-volar","status":"publish","type":"post","link":"https:\/\/forocilac.org\/en\/el-cohete-espanol-miura-1%e2%80%b2-esta-listo-para-volar\/","title":{"rendered":"El cohete espa\u00f1ol \u2018Miura 1\u2032 est\u00e1 listo para volar"},"content":{"rendered":"<p>La empresa ilicitana PLD Space ha completado con \u00e9xito la primera campa\u00f1a de calificaci\u00f3n del <i>Miura 1<\/i>, su cohete suborbital, y est\u00e1 \u201clisto para volar\u201d. Es el primer ensayo completo de una misi\u00f3n de vuelo en un veh\u00edculo espacial integrado que se hace en Europa, explica la compa\u00f1\u00eda. Ahora, tras superar todas las pruebas necesarias en sus instalaciones t\u00e9cnicas de Teruel, \u201cel cohete est\u00e1 listo para su primer lanzamiento\u201d, programado para finales de 2022 desde El Arenosillo (Huelva), recalcan.<\/p>\n<p><a href=\"https:\/\/elpais.com\/ciencia\/2022-09-15\/el-cohete-espanol-miura-1-esta-listo-para-volar.html\" >Keep reading<\/a><\/p>","protected":false},"excerpt":{"rendered":"<p>El lanzamiento est\u00e1 programado para finales de 2022 desde Huelva<\/p>","protected":false},"author":1,"featured_media":0,"comment_status":"closed","ping_status":"closed","sticky":false,"template":"","format":"standard","meta":{"footnotes":""},"categories":[123],"tags":[],"class_list":{"0":"post-54375","1":"post","2":"type-post","3":"status-publish","4":"format-standard","6":"category-portal"},"aioseo_notices":[],"_links":{"self":[{"href":"https:\/\/forocilac.org\/en\/wp-json\/wp\/v2\/posts\/54375","targetHints":{"allow":["GET"]}}],"collection":[{"href":"https:\/\/forocilac.org\/en\/wp-json\/wp\/v2\/posts"}],"about":[{"href":"https:\/\/forocilac.org\/en\/wp-json\/wp\/v2\/types\/post"}],"author":[{"embeddable":true,"href":"https:\/\/forocilac.org\/en\/wp-json\/wp\/v2\/users\/1"}],"replies":[{"embeddable":true,"href":"https:\/\/forocilac.org\/en\/wp-json\/wp\/v2\/comments?post=54375"}],"version-history":[{"count":1,"href":"https:\/\/forocilac.org\/en\/wp-json\/wp\/v2\/posts\/54375\/revisions"}],"predecessor-version":[{"id":54376,"href":"https:\/\/forocilac.org\/en\/wp-json\/wp\/v2\/posts\/54375\/revisions\/54376"}],"wp:attachment":[{"href":"https:\/\/forocilac.org\/en\/wp-json\/wp\/v2\/media?parent=54375"}],"wp:term":[{"taxonomy":"category","embeddable":true,"href":"https:\/\/forocilac.org\/en\/wp-json\/wp\/v2\/categories?post=54375"},{"taxonomy":"post_tag","embeddable":true,"href":"https:\/\/forocilac.org\/en\/wp-json\/wp\/v2\/tags?post=54375"}],"curies":[{"name":"wp","href":"https:\/\/api.w.org\/{rel}","templated":true}]}}